{"id":9761,"date":"2026-03-20T14:55:48","date_gmt":"2026-03-20T12:55:48","guid":{"rendered":"https:\/\/ppaf.ch\/?p=9761"},"modified":"2026-03-20T14:57:15","modified_gmt":"2026-03-20T12:57:15","slug":"alex-annen","status":"publish","type":"post","link":"https:\/\/ppaf.ch\/de\/alex-annen\/","title":{"rendered":"Alex Annen"},"content":{"rendered":"<p>Alex Annen ist ein freischaffender Fotograf und Videok\u00fcnstler mit Sitz in Freiburg in der Westschweiz. Mit mehr als zehn Jahren Erfahrung entwickelt er eine visuelle Praxis, die in einem filmischen Universum verankert ist und sich durch starke Kontraste, bearbeitetes Licht und eine besondere Aufmerksamkeit f\u00fcr den Menschen und den Augenblick auszeichnet.<\/p>\n\n\n\n<p>Er ist auf Portr\u00e4tfotografie spezialisiert und arbeitet regelm\u00e4\u00dfig mit K\u00fcnstlern, Marken und Kunstdirektoren zusammen, um Bilder zu produzieren, die Authentizit\u00e4t und starke \u00c4sthetik vereinen. Neben der Portr\u00e4tfotografie arbeitet er auch in den Bereichen Mode, Produktfotografie und Architektur, wobei sein Ansatz auf visuelle Koh\u00e4renz und die Lesbarkeit der Botschaft ausgerichtet ist.<\/p>\n\n\n\n<p>Seit 2023 integriert Alex Annen das Video vollst\u00e4ndig in seine Praxis (Fiktion, Aufzeichnung von Performances, Markeninhalte), wobei er die gleichen formalen Anforderungen wie bei der Fotografie anwendet. Er leitet den gesamten kreativen Prozess von der k\u00fcnstlerischen Leitung bis zur Postproduktion und arbeitet sowohl im Studio als auch im Freien, in der Schweiz und im Ausland.<\/p>","protected":false},"excerpt":{"rendered":"<p>Alex Annen est un photographe et vid\u00e9aste ind\u00e9pendant bas\u00e9 \u00e0 Fribourg, en Suisse romande. Fort de plus de dix ans d&rsquo;exp\u00e9rience, il d\u00e9veloppe une pratique visuelle ancr\u00e9e dans un univers cin\u00e9matographique, caract\u00e9ris\u00e9 par des contrastes marqu\u00e9s, une lumi\u00e8re travaill\u00e9e et une attention particuli\u00e8re port\u00e9e \u00e0 l&rsquo;humain et \u00e0 l&rsquo;instant. Sp\u00e9cialis\u00e9 dans le portrait, il collabore [&hellip;]<\/p>\n","protected":false},"author":1,"featured_media":9762,"comment_status":"open","ping_status":"open","sticky":false,"template":"","format":"standard","meta":{"_acf_changed":false,"footnotes":""},"categories":[22],"tags":[5,6,10,13,15,17],"class_list":["post-9761","post","type-post","status-publish","format-standard","has-post-thumbnail","hentry","category-photographe","tag-architecture","tag-artistique","tag-mode","tag-portrait","tag-produits","tag-video"],"acf":[],"_links":{"self":[{"href":"https:\/\/ppaf.ch\/de\/wp-json\/wp\/v2\/posts\/9761","targetHints":{"allow":["GET"]}}],"collection":[{"href":"https:\/\/ppaf.ch\/de\/wp-json\/wp\/v2\/posts"}],"about":[{"href":"https:\/\/ppaf.ch\/de\/wp-json\/wp\/v2\/types\/post"}],"author":[{"embeddable":true,"href":"https:\/\/ppaf.ch\/de\/wp-json\/wp\/v2\/users\/1"}],"replies":[{"embeddable":true,"href":"https:\/\/ppaf.ch\/de\/wp-json\/wp\/v2\/comments?post=9761"}],"version-history":[{"count":2,"href":"https:\/\/ppaf.ch\/de\/wp-json\/wp\/v2\/posts\/9761\/revisions"}],"predecessor-version":[{"id":9798,"href":"https:\/\/ppaf.ch\/de\/wp-json\/wp\/v2\/posts\/9761\/revisions\/9798"}],"wp:featuredmedia":[{"embeddable":true,"href":"https:\/\/ppaf.ch\/de\/wp-json\/wp\/v2\/media\/9762"}],"wp:attachment":[{"href":"https:\/\/ppaf.ch\/de\/wp-json\/wp\/v2\/media?parent=9761"}],"wp:term":[{"taxonomy":"category","embeddable":true,"href":"https:\/\/ppaf.ch\/de\/wp-json\/wp\/v2\/categories?post=9761"},{"taxonomy":"post_tag","embeddable":true,"href":"https:\/\/ppaf.ch\/de\/wp-json\/wp\/v2\/tags?post=9761"}],"curies":[{"name":"wp","href":"https:\/\/api.w.org\/{rel}","templated":true}]}}